{"id":128574,"date":"2024-06-20T09:22:13","date_gmt":"2024-06-20T09:22:13","guid":{"rendered":"https:\/\/jspics.de\/?p=128574"},"modified":"2024-06-20T15:02:56","modified_gmt":"2024-06-20T15:02:56","slug":"amethyst-15-06-2024-daun-rengen-detze-festival","status":"publish","type":"post","link":"https:\/\/jspics.de\/?p=128574","title":{"rendered":"Amethyst 15.06.2024 @ Daun-Rengen Detze Festival"},"content":{"rendered":"<p><img loading=\"lazy\" decoding=\"async\" class=\"alignnone wp-image-127786 size-full\" src=\"http:\/\/jspics.de\/wp-content\/uploads\/2024\/06\/FB_IMG_1718464283254.jpg\" alt=\"\" width=\"1000\" height=\"381\" srcset=\"https:\/\/jspics.de\/wp-content\/uploads\/2024\/06\/FB_IMG_1718464283254.jpg 1000w, https:\/\/jspics.de\/wp-content\/uploads\/2024\/06\/FB_IMG_1718464283254-300x114.jpg 300w, https:\/\/jspics.de\/wp-content\/uploads\/2024\/06\/FB_IMG_1718464283254-768x293.jpg 768w, https:\/\/jspics.de\/wp-content\/uploads\/2024\/06\/FB_IMG_1718464283254-250x95.jpg 250w, https:\/\/jspics.de\/wp-content\/uploads\/2024\/06\/FB_IMG_1718464283254-150x57.jpg 150w\" sizes=\"auto, (max-width: 1000px) 100vw, 1000px\" \/><\/p>\n<p><strong>Amethyst,<\/strong> die zweite Band des Tage, kam aus der Schweiz. Die Band besteht erst seit 2020 und hat gerade mal eine EP ver\u00f6ffentlicht. Was die Besetzung angeht, ist S\u00e4ngerin <strong>Laura Vesprini<\/strong> kurzfristig f\u00fcr den erkrankten Stamms\u00e4nger eingesprungen. So war es f\u00fcr die <strong>Cherokee<\/strong> Frontfrau auch nicht der problemsoseste Auftritt: anfangs verpasste Eins\u00e4tze, Texte vom analogen Teleprompter. Die Nervosit\u00e4t legte sich aber schnell und die komplette Band wurde zusehends sicherer und <strong>Laura<\/strong> machte trotz aller Unw\u00e4gbarkeiten einen Super Job.<br \/>\nSchlussendlich ein guter Set mit traditionellem Heavy Metal.<\/p>\n<p><strong>Mehr Infos:<\/strong><\/p>\n<p><a href=\"https:\/\/www.facebook.com\/amethystrockknights\" target=\"_blank\" rel=\"noopener\">Amethyst auf Facebook<\/a><\/p>\nngg_shortcode_0_placeholder\n","protected":false},"excerpt":{"rendered":"<p>Amethyst, die zweite Band des Tage, kam aus der Schweiz. Die Band besteht erst seit 2020 und hat gerade mal eine EP ver\u00f6ffentlicht. Was die Besetzung angeht, ist S\u00e4ngerin Laura Vesprini kurzfristig f\u00fcr den erkrankten Stamms\u00e4nger eingesprungen. So war es f\u00fcr die Cherokee Frontfrau auch nicht der problemsoseste Auftritt: anfangs <a class=\"continue-reading-link\" href=\"https:\/\/jspics.de\/?p=128574\">weiterlesen!<\/a><\/p>\n<div class=\"shariff shariff-align-left shariff-widget-align-left\"><ul class=\"shariff-buttons theme-round orientation-horizontal buttonsize-medium\"><li class=\"shariff-button facebook shariff-nocustomcolor\" style=\"background-color:#4273c8\"><a href=\"https:\/\/www.facebook.com\/sharer\/sharer.php?u=https%3A%2F%2Fjspics.de%2F%3Fp%3D128574\" title=\"Bei Facebook teilen\" aria-label=\"Bei Facebook teilen\" role=\"button\" rel=\"nofollow\" class=\"shariff-link\" style=\"; background-color:#3b5998; color:#fff\" target=\"_blank\"><span class=\"shariff-icon\" style=\"\"><svg width=\"32px\" height=\"20px\" xmlns=\"http:\/\/www.w3.org\/2000\/svg\" viewBox=\"0 0 18 32\"><path fill=\"#3b5998\" d=\"M17.1 0.2v4.7h-2.8q-1.5 0-2.1 0.6t-0.5 1.9v3.4h5.2l-0.7 5.3h-4.5v13.6h-5.5v-13.6h-4.5v-5.3h4.5v-3.9q0-3.3 1.9-5.2t5-1.8q2.6 0 4.1 0.2z\"\/><\/svg><\/span><\/a><\/li><li class=\"shariff-button twitter shariff-nocustomcolor\" style=\"background-color:#595959\"><a href=\"https:\/\/twitter.com\/share?url=https%3A%2F%2Fjspics.de%2F%3Fp%3D128574&text=Amethyst%2015.06.2024%20%40%20Daun-Rengen%20Detze%20Festival\" title=\"Bei X teilen\" aria-label=\"Bei X teilen\" role=\"button\" rel=\"noopener nofollow\" class=\"shariff-link\" style=\"; background-color:#000; color:#fff\" target=\"_blank\"><span class=\"shariff-icon\" style=\"\"><svg width=\"32px\" height=\"20px\" xmlns=\"http:\/\/www.w3.org\/2000\/svg\" viewBox=\"0 0 24 24\"><path fill=\"#000\" d=\"M14.258 10.152L23.176 0h-2.113l-7.747 8.813L7.133 0H0l9.352 13.328L0 23.973h2.113l8.176-9.309 6.531 9.309h7.133zm-2.895 3.293l-.949-1.328L2.875 1.56h3.246l6.086 8.523.945 1.328 7.91 11.078h-3.246zm0 0\"\/><\/svg><\/span><\/a><\/li><li class=\"shariff-button whatsapp shariff-nocustomcolor\" style=\"background-color:#5cbe4a\"><a href=\"https:\/\/api.whatsapp.com\/send?text=https%3A%2F%2Fjspics.de%2F%3Fp%3D128574%20Amethyst%2015.06.2024%20%40%20Daun-Rengen%20Detze%20Festival\" title=\"Bei Whatsapp teilen\" aria-label=\"Bei Whatsapp teilen\" role=\"button\" rel=\"noopener nofollow\" class=\"shariff-link\" style=\"; background-color:#34af23; color:#fff\" target=\"_blank\"><span class=\"shariff-icon\" style=\"\"><svg width=\"32px\" height=\"20px\" xmlns=\"http:\/\/www.w3.org\/2000\/svg\" viewBox=\"0 0 32 32\"><path fill=\"#34af23\" d=\"M17.6 17.4q0.2 0 1.7 0.8t1.6 0.9q0 0.1 0 0.3 0 0.6-0.3 1.4-0.3 0.7-1.3 1.2t-1.8 0.5q-1 0-3.4-1.1-1.7-0.8-3-2.1t-2.6-3.3q-1.3-1.9-1.3-3.5v-0.1q0.1-1.6 1.3-2.8 0.4-0.4 0.9-0.4 0.1 0 0.3 0t0.3 0q0.3 0 0.5 0.1t0.3 0.5q0.1 0.4 0.6 1.6t0.4 1.3q0 0.4-0.6 1t-0.6 0.8q0 0.1 0.1 0.3 0.6 1.3 1.8 2.4 1 0.9 2.7 1.8 0.2 0.1 0.4 0.1 0.3 0 1-0.9t0.9-0.9zM14 26.9q2.3 0 4.3-0.9t3.6-2.4 2.4-3.6 0.9-4.3-0.9-4.3-2.4-3.6-3.6-2.4-4.3-0.9-4.3 0.9-3.6 2.4-2.4 3.6-0.9 4.3q0 3.6 2.1 6.6l-1.4 4.2 4.3-1.4q2.8 1.9 6.2 1.9zM14 2.2q2.7 0 5.2 1.1t4.3 2.9 2.9 4.3 1.1 5.2-1.1 5.2-2.9 4.3-4.3 2.9-5.2 1.1q-3.5 0-6.5-1.7l-7.4 2.4 2.4-7.2q-1.9-3.2-1.9-6.9 0-2.7 1.1-5.2t2.9-4.3 4.3-2.9 5.2-1.1z\"\/><\/svg><\/span><\/a><\/li><li class=\"shariff-button telegram shariff-nocustomcolor\" style=\"background-color:#4084A6\"><a href=\"https:\/\/telegram.me\/share\/url?url=https%3A%2F%2Fjspics.de%2F%3Fp%3D128574&text=Amethyst%2015.06.2024%20%40%20Daun-Rengen%20Detze%20Festival\" title=\"Bei Telegram teilen\" aria-label=\"Bei Telegram teilen\" role=\"button\" rel=\"noopener nofollow\" class=\"shariff-link\" style=\"; background-color:#0088cc; color:#fff\" target=\"_blank\"><span class=\"shariff-icon\" style=\"\"><svg width=\"32px\" height=\"20px\" xmlns=\"http:\/\/www.w3.org\/2000\/svg\" viewBox=\"0 0 32 32\"><path fill=\"#0088cc\" d=\"M30.8 6.5l-4.5 21.4c-.3 1.5-1.2 1.9-2.5 1.2L16.9 24l-3.3 3.2c-.4.4-.7.7-1.4.7l.5-7L25.5 9.2c.6-.5-.1-.8-.9-.3l-15.8 10L2 16.7c-1.5-.5-1.5-1.5.3-2.2L28.9 4.3c1.3-.5 2.3.3 1.9 2.2z\"\/><\/svg><\/span><\/a><\/li><li class=\"shariff-button threema shariff-nocustomcolor shariff-mobile\" style=\"background-color:#4fbc24\"><a href=\"threema:\/\/compose?text=Amethyst%2015.06.2024%20%40%20Daun-Rengen%20Detze%20Festival%20https%3A%2F%2Fjspics.de%2F%3Fp%3D128574\" title=\"Bei Threema teilen\" aria-label=\"Bei Threema teilen\" role=\"button\" rel=\"noopener nofollow\" class=\"shariff-link\" style=\"; background-color:#1f1f1f; color:#fff\" target=\"_blank\"><span class=\"shariff-icon\" style=\"\"><svg width=\"32px\" height=\"20px\" xmlns=\"http:\/\/www.w3.org\/2000\/svg\" viewBox=\"0 0 32 32\"><path fill=\"#1f1f1f\" d=\"M30.8 10.9c-0.3-1.4-0.9-2.6-1.8-3.8-2-2.6-5.5-4.5-9.4-5.2-1.3-0.2-1.9-0.3-3.5-0.3s-2.2 0-3.5 0.3c-4 0.7-7.4 2.6-9.4 5.2-0.9 1.2-1.5 2.4-1.8 3.8-0.1 0.5-0.2 1.2-0.2 1.6 0 0.4 0.1 1.1 0.2 1.6 0.4 1.9 1.3 3.4 2.9 5 0.8 0.8 0.8 0.8 0.7 1.3 0 0.6-0.5 1.6-1.7 3.6-0.3 0.5-0.5 0.9-0.5 0.9 0 0.1 0.1 0.1 0.5 0 0.8-0.2 2.3-0.6 5.6-1.6 1.1-0.3 1.3-0.4 2.3-0.4 0.8 0 1.1 0 2.3 0.2 1.5 0.2 3.5 0.2 4.9 0 5.1-0.6 9.3-2.9 11.4-6.3 0.5-0.9 0.9-1.8 1.1-2.8 0.1-0.5 0.2-1.1 0.2-1.6 0-0.7-0.1-1.1-0.2-1.6-0.3-1.4 0.1 0.5 0 0zM20.6 17.3c0 0.4-0.4 0.8-0.8 0.8h-7.7c-0.4 0-0.8-0.4-0.8-0.8v-4.6c0-0.4 0.4-0.8 0.8-0.8h0.2l0-1.6c0-0.9 0-1.8 0.1-2 0.1-0.6 0.6-1.2 1.1-1.7s1.1-0.7 1.9-0.8c1.8-0.3 3.7 0.7 4.2 2.2 0.1 0.3 0.1 0.7 0.1 2.1v0 1.7h0.1c0.4 0 0.8 0.4 0.8 0.8v4.6zM15.6 7.3c-0.5 0.1-0.8 0.3-1.2 0.6s-0.6 0.8-0.7 1.3c0 0.2 0 0.8 0 1.5l0 1.2h4.6v-1.3c0-1 0-1.4-0.1-1.6-0.3-1.1-1.5-1.9-2.6-1.7zM25.8 28.2c0 1.2-1 2.2-2.1 2.2s-2.1-1-2.1-2.1c0-1.2 1-2.1 2.2-2.1s2.2 1 2.2 2.2zM18.1 28.2c0 1.2-1 2.2-2.1 2.2s-2.1-1-2.1-2.1c0-1.2 1-2.1 2.2-2.1s2.2 1 2.2 2.2zM10.4 28.2c0 1.2-1 2.2-2.1 2.2s-2.1-1-2.1-2.1c0-1.2 1-2.1 2.2-2.1s2.2 1 2.2 2.2z\"\/><\/svg><\/span><\/a><\/li><li class=\"shariff-button mailto shariff-nocustomcolor\" style=\"background-color:#a8a8a8\"><a href=\"mailto:?body=https%3A%2F%2Fjspics.de%2F%3Fp%3D128574&subject=Amethyst%2015.06.2024%20%40%20Daun-Rengen%20Detze%20Festival\" title=\"Per E-Mail versenden\" aria-label=\"Per E-Mail versenden\" role=\"button\" rel=\"noopener nofollow\" class=\"shariff-link\" style=\"; background-color:#999; color:#fff\"><span class=\"shariff-icon\" style=\"\"><svg width=\"32px\" height=\"20px\" xmlns=\"http:\/\/www.w3.org\/2000\/svg\" viewBox=\"0 0 32 32\"><path fill=\"#999\" d=\"M32 12.7v14.2q0 1.2-0.8 2t-2 0.9h-26.3q-1.2 0-2-0.9t-0.8-2v-14.2q0.8 0.9 1.8 1.6 6.5 4.4 8.9 6.1 1 0.8 1.6 1.2t1.7 0.9 2 0.4h0.1q0.9 0 2-0.4t1.7-0.9 1.6-1.2q3-2.2 8.9-6.1 1-0.7 1.8-1.6zM32 7.4q0 1.4-0.9 2.7t-2.2 2.2q-6.7 4.7-8.4 5.8-0.2 0.1-0.7 0.5t-1 0.7-0.9 0.6-1.1 0.5-0.9 0.2h-0.1q-0.4 0-0.9-0.2t-1.1-0.5-0.9-0.6-1-0.7-0.7-0.5q-1.6-1.1-4.7-3.2t-3.6-2.6q-1.1-0.7-2.1-2t-1-2.5q0-1.4 0.7-2.3t2.1-0.9h26.3q1.2 0 2 0.8t0.9 2z\"\/><\/svg><\/span><\/a><\/li><li class=\"shariff-button info shariff-nocustomcolor\" style=\"background-color:#eee\"><a href=\"http:\/\/ct.de\/-2467514\" title=\"Weitere Informationen\" aria-label=\"Weitere Informationen\" role=\"button\" rel=\"noopener \" class=\"shariff-link\" style=\"; background-color:#fff; color:#fff\" target=\"_blank\"><span class=\"shariff-icon\" style=\"\"><svg width=\"32px\" height=\"20px\" xmlns=\"http:\/\/www.w3.org\/2000\/svg\" viewBox=\"0 0 11 32\"><path fill=\"#999\" d=\"M11.4 24v2.3q0 0.5-0.3 0.8t-0.8 0.4h-9.1q-0.5 0-0.8-0.4t-0.4-0.8v-2.3q0-0.5 0.4-0.8t0.8-0.4h1.1v-6.8h-1.1q-0.5 0-0.8-0.4t-0.4-0.8v-2.3q0-0.5 0.4-0.8t0.8-0.4h6.8q0.5 0 0.8 0.4t0.4 0.8v10.3h1.1q0.5 0 0.8 0.4t0.3 0.8zM9.2 3.4v3.4q0 0.5-0.4 0.8t-0.8 0.4h-4.6q-0.4 0-0.8-0.4t-0.4-0.8v-3.4q0-0.4 0.4-0.8t0.8-0.4h4.6q0.5 0 0.8 0.4t0.4 0.8z\"\/><\/svg><\/span><\/a><\/li><\/ul><\/div>","protected":false},"author":1,"featured_media":128660,"comment_status":"open","ping_status":"open","sticky":false,"template":"","format":"standard","meta":{"ngg_post_thumbnail":0,"footnotes":""},"categories":[2696],"tags":[2879,2884,2880,85,2830,2873,2892,2184,2886,2882,2182,2181,2346,2831,2890,718,2178,2874,2877,335,336,8,2891,2876,2881,2180,2883,2878,2888,2885,1524,2889,2875],"class_list":["post-128574","post","type-post","status-publish","format-standard","has-post-thumbnail","hentry","category-galerie-2024","tag-amethyst","tag-asphyx","tag-balmog","tag-bonfire","tag-buetcher","tag-century","tag-cherokee","tag-daun","tag-daun-rengen","tag-deathrite","tag-der-detze-rockt","tag-detze","tag-detze-festival","tag-evil-excess","tag-fabio-alessandrini","tag-female-fronted-band","tag-festival","tag-galactic-superlords","tag-haellas","tag-hellfire","tag-hellfire-magazin","tag-jspics","tag-laura-vesprini","tag-lucifuge","tag-old","tag-rengen","tag-riot-city","tag-sintage","tag-tony-portaro","tag-triumph-of-death","tag-whiplash","tag-will-winton","tag-witching-hour"],"jetpack_featured_media_url":"https:\/\/jspics.de\/wp-content\/uploads\/2024\/06\/nggallery_import\/Amethyst-2024-Detze-61.jpg","_links":{"self":[{"href":"https:\/\/jspics.de\/index.php?rest_route=\/wp\/v2\/posts\/128574","targetHints":{"allow":["GET"]}}],"collection":[{"href":"https:\/\/jspics.de\/index.php?rest_route=\/wp\/v2\/posts"}],"about":[{"href":"https:\/\/jspics.de\/index.php?rest_route=\/wp\/v2\/types\/post"}],"author":[{"embeddable":true,"href":"https:\/\/jspics.de\/index.php?rest_route=\/wp\/v2\/users\/1"}],"replies":[{"embeddable":true,"href":"https:\/\/jspics.de\/index.php?rest_route=%2Fwp%2Fv2%2Fcomments&post=128574"}],"version-history":[{"count":3,"href":"https:\/\/jspics.de\/index.php?rest_route=\/wp\/v2\/posts\/128574\/revisions"}],"predecessor-version":[{"id":128818,"href":"https:\/\/jspics.de\/index.php?rest_route=\/wp\/v2\/posts\/128574\/revisions\/128818"}],"wp:featuredmedia":[{"embeddable":true,"href":"https:\/\/jspics.de\/index.php?rest_route=\/wp\/v2\/media\/128660"}],"wp:attachment":[{"href":"https:\/\/jspics.de\/index.php?rest_route=%2Fwp%2Fv2%2Fmedia&parent=128574"}],"wp:term":[{"taxonomy":"category","embeddable":true,"href":"https:\/\/jspics.de\/index.php?rest_route=%2Fwp%2Fv2%2Fcategories&post=128574"},{"taxonomy":"post_tag","embeddable":true,"href":"https:\/\/jspics.de\/index.php?rest_route=%2Fwp%2Fv2%2Ftags&post=128574"}],"curies":[{"name":"wp","href":"https:\/\/api.w.org\/{rel}","templated":true}]}}